{"id":10034,"date":"2024-01-09T13:09:36","date_gmt":"2024-01-09T12:09:36","guid":{"rendered":"https:\/\/sfgeneva.org\/?p=10034"},"modified":"2024-01-09T13:10:38","modified_gmt":"2024-01-09T12:10:38","slug":"warm-data-lab","status":"publish","type":"post","link":"https:\/\/sfgeneva.org\/fr\/warm-data-lab\/","title":{"rendered":"Warm Data Lab"},"content":{"rendered":"<p><strong>Ensembles, pr\u00e9parons le syst\u00e8me au changement: un atelier interactif<\/strong><\/p>\n<p>Au sein de la communaut\u00e9 de de la finance durable, de nombreux individus souhaitent favoriser un changement environmental et social dans le cadre de leur profession et de leur vie priv\u00e9e. Dans un monde complexe et en constante \u00e9volution, cela repr\u00e9sente une t\u00e2che exigeante. Dans notre vie, notre travail et nos communaut\u00e9s, nous sommes confront\u00e9s \u00e0 des d\u00e9fis qui peuvent nous bloquer et nous emp\u00eacher d&#8217;apporter les changements que nous souhaitons. Bien qu&#8217;il n&#8217;existe pas de solutions miracles, le fait de pr\u00eater attention \u00e0 nos relations les uns avec les autres et d&#8217;\u00eatre curieux des sch\u00e9mas sous-jacents qui connectent nos probl\u00e8mes, est vital pour cr\u00e9er les conditions d&#8217;un avenir plus sain et amorcer le changement.<\/p>\n<p>Pour explorer ces perspectives, SFG vous invite \u00e0 participer \u00e0 une conversation interactive suivant la m\u00e9thode du <a href=\"https:\/\/warmdatalab.net\/warm-data\" target=\"_blank\" rel=\"noopener\" data-cke-saved-href=\"https:\/\/warmdatalab.net\/warm-data\">Warm Data Lab<\/a>, \u00e9tablie par Nora Bateson. Ces exp\u00e9riences ont \u00e9t\u00e9 d\u00e9crites comme un &#8220;kaleidoscope de conversations&#8221;, rempli d&#8217;histoires et d&#8217;\u00e9motions. Elles nourissent l&#8217;\u00e2me, transforment la mani\u00e8re dont nous approchons le travail, la vie et nos communaut\u00e9s et cr\u00e9ent un espace propice \u00e0 l&#8217;\u00e9panouissement de nouvelles relations.<\/p>\n<p><strong><u><span lang=\"en-GB\">Quand<\/span><\/u><\/strong><span lang=\"en-GB\"><strong>:<\/strong> Jeudi 7 mars 2024, 17:30-19:30<\/span><\/p>\n<p><strong><u><span lang=\"en-GB\">O\u00f9<\/span><\/u><\/strong><span lang=\"en-GB\">: SFG Office<\/span><\/p>\n<p><strong><u><span lang=\"en-GB\">Qui<\/span><\/u><\/strong><span lang=\"en-GB\"><strong>:\u00a0<\/strong><\/span>Tout le monde est le bienvenu et nous vous encourageons \u00e0 ramener un coll\u00e8gue, ami ou un membre de famille. La participation ne d\u00e9pend pas des connaissances ou des comp\u00e9tences de chacun. WDL est un forum ouvert pour l&#8217;apprentissage et la d\u00e9couverte. Les participants sont invit\u00e9s \u00e0 s&#8217;\u00e9loigner des \u00e9tiquettes familiers tels que PDG, utilisateurs de service et employ\u00e9e et \u00e0 s&#8217;engager dans l&#8217;apprentissage mutuel et la pleine complexit\u00e9 vivante de leur identit\u00e9.<\/p>\n<p><strong><u>Pourquoi<\/u>:<\/strong><\/p>\n<ul type=\"disc\">\n<li>Connexion: Entrer en contact avec des personnes partageant les m\u00eames int\u00e9r\u00eats, qui se soucient de la plan\u00e8te et de la soci\u00e9t\u00e9 dans un format propice \u00e0 des interactions significatives.<\/li>\n<li>Exploration: Explorer multiples sujets de mani\u00e8re \u00e0 r\u00e9v\u00e9ler leurs liens.<\/li>\n<li>Inspiration: Se laisser inspirer par des histoires, des id\u00e9es et des surprises captivantes qui cr\u00e9\u00e9ent un terrain fertile pour le changement.<\/li>\n<\/ul>\n<p>Veuillez confirmer votre pr\u00e9sence en cliquant sur le lien <a href=\"https:\/\/sfgeneva.wufoo.com\/forms\/x1y0yhyt1s2rlz8\/\" target=\"_blank\" rel=\"noopener\" data-cke-saved-href=\"https:\/\/sfgeneva.wufoo.com\/forms\/x1y0yhyt1s2rlz8\/\">RSVP<\/a> et indiquez si vous serez accompagn\u00e9 d&#8217;un invit\u00e9.<\/p>\n","protected":false},"excerpt":{"rendered":"<p>Ensembles, pr\u00e9parons le syst\u00e8me au changement: un atelier interactif Au sein de la communaut\u00e9 de de la finance durable, de nombreux individus souhaitent favoriser un changement environmental et social dans le cadre de leur profession et de leur vie priv\u00e9e. Dans un monde complexe et en constante \u00e9volution, cela repr\u00e9sente une t\u00e2che exigeante. Dans notre [&hellip;]<\/p>\n","protected":false},"author":138,"featured_media":10057,"comment_status":"closed","ping_status":"closed","sticky":false,"template":"","format":"standard","meta":{"_vp_format_video_url":"","_vp_image_focal_point":[],"footnotes":""},"categories":[119],"tags":[],"table_tags":[],"class_list":["post-10034","post","type-post","status-publish","format-standard","has-post-thumbnail","hentry","category-evenements"],"acf":[],"aioseo_notices":[],"_links":{"self":[{"href":"https:\/\/sfgeneva.org\/fr\/wp-json\/wp\/v2\/posts\/10034","targetHints":{"allow":["GET"]}}],"collection":[{"href":"https:\/\/sfgeneva.org\/fr\/wp-json\/wp\/v2\/posts"}],"about":[{"href":"https:\/\/sfgeneva.org\/fr\/wp-json\/wp\/v2\/types\/post"}],"author":[{"embeddable":true,"href":"https:\/\/sfgeneva.org\/fr\/wp-json\/wp\/v2\/users\/138"}],"replies":[{"embeddable":true,"href":"https:\/\/sfgeneva.org\/fr\/wp-json\/wp\/v2\/comments?post=10034"}],"version-history":[{"count":8,"href":"https:\/\/sfgeneva.org\/fr\/wp-json\/wp\/v2\/posts\/10034\/revisions"}],"predecessor-version":[{"id":10060,"href":"https:\/\/sfgeneva.org\/fr\/wp-json\/wp\/v2\/posts\/10034\/revisions\/10060"}],"wp:featuredmedia":[{"embeddable":true,"href":"https:\/\/sfgeneva.org\/fr\/wp-json\/wp\/v2\/media\/10057"}],"wp:attachment":[{"href":"https:\/\/sfgeneva.org\/fr\/wp-json\/wp\/v2\/media?parent=10034"}],"wp:term":[{"taxonomy":"category","embeddable":true,"href":"https:\/\/sfgeneva.org\/fr\/wp-json\/wp\/v2\/categories?post=10034"},{"taxonomy":"post_tag","embeddable":true,"href":"https:\/\/sfgeneva.org\/fr\/wp-json\/wp\/v2\/tags?post=10034"},{"taxonomy":"table_tags","embeddable":true,"href":"https:\/\/sfgeneva.org\/fr\/wp-json\/wp\/v2\/table_tags?post=10034"}],"curies":[{"name":"wp","href":"https:\/\/api.w.org\/{rel}","templated":true}]}}