{"id":11710,"date":"2025-01-31T19:09:44","date_gmt":"2025-01-31T18:09:44","guid":{"rendered":"https:\/\/sfgeneva.org\/?p=11710"},"modified":"2025-02-06T13:52:20","modified_gmt":"2025-02-06T12:52:20","slug":"warm-data-lab-2025","status":"publish","type":"post","link":"https:\/\/sfgeneva.org\/fr\/warm-data-lab-2025\/","title":{"rendered":"Warm Data Lab 2025"},"content":{"rendered":"<p><strong>Pl\u00e9biscit\u00e9, et de retour !<\/strong><\/p>\n<p><strong>Ensembles, pr\u00e9parons le syst\u00e8me au changement: un exercice interactif<\/strong><\/p>\n<p>L&#8217;ann\u00e9e pass\u00e9e, la communaut\u00e9 SFG a prit part \u00e0 son premier Warm Data Lab et les feedbacks ont \u00e9t\u00e9 excellents. Les participants ont particuli\u00e8rement appr\u00e9ci\u00e9 l&#8217;opportunit\u00e9 de connecter avec leurs pairs d&#8217;une fa\u00e7on plus humaine.<\/p>\n<p>Au sein de la communaut\u00e9 de de la finance durable, de nombreux individus souhaitent favoriser un changement environmental et social dans le cadre de leur profession et de leur vie priv\u00e9e. Dans un monde complexe et en constante \u00e9volution, cela repr\u00e9sente une t\u00e2che exigeante. Dans notre vie, notre travail et nos communaut\u00e9s, nous sommes confront\u00e9s \u00e0 des d\u00e9fis qui peuvent nous bloquer et nous emp\u00eacher d\u2019apporter les changements que nous souhaitons. Bien qu\u2019il n\u2019existe pas de solutions miracles, le fait de pr\u00eater attention \u00e0 nos relations les uns avec les autres et d\u2019\u00eatre curieux des sch\u00e9mas sous-jacents qui connectent nos probl\u00e8mes, est vital pour cr\u00e9er les conditions d\u2019un avenir plus sain et amorcer le changement.<\/p>\n<p>Pour explorer ces perspectives, SFG vous invite \u00e0 participer \u00e0 une conversation interactive suivant la m\u00e9thode du <a href=\"https:\/\/warmdatalab.net\/warm-data\" target=\"_blank\" rel=\"noopener\" data-cke-saved-href=\"https:\/\/warmdatalab.net\/warm-data\">Warm Data Lab<\/a>, \u00e9tablie par Nora Bateson. Ces exp\u00e9riences ont \u00e9t\u00e9 d\u00e9crites comme un \u201ckaleidoscope de conversations\u201d, rempli d\u2019histoires et d\u2019\u00e9motions. Elles nourrissent l\u2019\u00e2me, transforment la mani\u00e8re dont nous approchons le travail, la vie et nos communaut\u00e9s et cr\u00e9ent un espace propice \u00e0 l\u2019\u00e9panouissement de nouvelles relations.<\/p>\n<p>Nous profiterons de cette conversation unique pour faire nos adieux aux anciens locaux de SFG \u00e0 La Praille suite \u00e0 notre d\u00e9part pour le centre ville. Nous esp\u00e9rons vous voir nombreux \u00e0 ce dernier \u00e9v\u00e9nements dans le lieu qui a vu grandir et changer SFG ces 8 derni\u00e8res ann\u00e9es.<\/p>\n<p><strong><u><span lang=\"en-GB\">Quand<\/span><\/u><\/strong><span lang=\"en-GB\"><strong>:<\/strong> Mercredi 19 f\u00e9vrier 2025, 17:30-19:30<\/span><\/p>\n<p><strong><u><span lang=\"en-GB\">O\u00f9<\/span><\/u><\/strong><span lang=\"en-GB\">: SFG Office (Avenue de la Praille 50)<\/span><\/p>\n<p><strong><u><span lang=\"en-GB\">Qui<\/span><\/u><\/strong><span lang=\"en-GB\"><strong>:\u00a0<\/strong><\/span>Tout le monde est le bienvenu et nous vous encourageons \u00e0 ramener un coll\u00e8gue, ami ou un membre de famille. La participation ne d\u00e9pend pas des connaissances ou des comp\u00e9tences de chacun. WDL est un forum ouvert pour l\u2019apprentissage et la d\u00e9couverte. Les participants sont invit\u00e9s \u00e0 s\u2019\u00e9loigner des \u00e9tiquettes familiers tels que PDG, utilisateurs de service et employ\u00e9e et \u00e0 s\u2019engager dans l\u2019apprentissage mutuel et la pleine complexit\u00e9 vivante de leur identit\u00e9.<\/p>\n<p><strong><u>Pourquoi<\/u>:<\/strong><\/p>\n<ul type=\"disc\">\n<li>Connexion: Entrer en contact avec des personnes partageant les m\u00eames int\u00e9r\u00eats, qui se soucient de la plan\u00e8te et de la soci\u00e9t\u00e9 dans un format propice \u00e0 des interactions significatives.<\/li>\n<li>Exploration: Explorer multiples sujets de mani\u00e8re \u00e0 r\u00e9v\u00e9ler leurs liens.<\/li>\n<li>Inspiration: Se laisser inspirer par des histoires, des id\u00e9es et des surprises captivantes qui cr\u00e9\u00e9ent un terrain fertile pour le changement.<\/li>\n<\/ul>\n<p>Veuillez confirmer votre pr\u00e9sence en cliquant sur le lien <a href=\"https:\/\/sfgeneva.wufoo.com\/forms\/mpv555o00f3kj1\/\" target=\"_blank\" rel=\"noopener\" data-cke-saved-href=\"https:\/\/sfgeneva.wufoo.com\/forms\/x1y0yhyt1s2rlz8\/\">RSVP<\/a> et indiquez si vous serez accompagn\u00e9 d\u2019un invit\u00e9.<\/p>\n","protected":false},"excerpt":{"rendered":"<p>Pl\u00e9biscit\u00e9, et de retour ! Ensembles, pr\u00e9parons le syst\u00e8me au changement: un exercice interactif L&#8217;ann\u00e9e pass\u00e9e, la communaut\u00e9 SFG a prit part \u00e0 son premier Warm Data Lab et les feedbacks ont \u00e9t\u00e9 excellents. Les participants ont particuli\u00e8rement appr\u00e9ci\u00e9 l&#8217;opportunit\u00e9 de connecter avec leurs pairs d&#8217;une fa\u00e7on plus humaine. Au sein de la communaut\u00e9 de [&hellip;]<\/p>\n","protected":false},"author":138,"featured_media":11706,"comment_status":"closed","ping_status":"closed","sticky":false,"template":"","format":"standard","meta":{"_vp_format_video_url":"","_vp_image_focal_point":[],"footnotes":""},"categories":[119],"tags":[],"table_tags":[],"class_list":["post-11710","post","type-post","status-publish","format-standard","has-post-thumbnail","hentry","category-evenements"],"acf":[],"aioseo_notices":[],"_links":{"self":[{"href":"https:\/\/sfgeneva.org\/fr\/wp-json\/wp\/v2\/posts\/11710","targetHints":{"allow":["GET"]}}],"collection":[{"href":"https:\/\/sfgeneva.org\/fr\/wp-json\/wp\/v2\/posts"}],"about":[{"href":"https:\/\/sfgeneva.org\/fr\/wp-json\/wp\/v2\/types\/post"}],"author":[{"embeddable":true,"href":"https:\/\/sfgeneva.org\/fr\/wp-json\/wp\/v2\/users\/138"}],"replies":[{"embeddable":true,"href":"https:\/\/sfgeneva.org\/fr\/wp-json\/wp\/v2\/comments?post=11710"}],"version-history":[{"count":4,"href":"https:\/\/sfgeneva.org\/fr\/wp-json\/wp\/v2\/posts\/11710\/revisions"}],"predecessor-version":[{"id":11748,"href":"https:\/\/sfgeneva.org\/fr\/wp-json\/wp\/v2\/posts\/11710\/revisions\/11748"}],"wp:featuredmedia":[{"embeddable":true,"href":"https:\/\/sfgeneva.org\/fr\/wp-json\/wp\/v2\/media\/11706"}],"wp:attachment":[{"href":"https:\/\/sfgeneva.org\/fr\/wp-json\/wp\/v2\/media?parent=11710"}],"wp:term":[{"taxonomy":"category","embeddable":true,"href":"https:\/\/sfgeneva.org\/fr\/wp-json\/wp\/v2\/categories?post=11710"},{"taxonomy":"post_tag","embeddable":true,"href":"https:\/\/sfgeneva.org\/fr\/wp-json\/wp\/v2\/tags?post=11710"},{"taxonomy":"table_tags","embeddable":true,"href":"https:\/\/sfgeneva.org\/fr\/wp-json\/wp\/v2\/table_tags?post=11710"}],"curies":[{"name":"wp","href":"https:\/\/api.w.org\/{rel}","templated":true}]}}