{"id":12838,"date":"2026-09-02T13:52:57","date_gmt":"2026-09-02T11:52:57","guid":{"rendered":"https:\/\/sfgeneva.org\/?p=12838"},"modified":"2026-09-02T13:52:34","modified_gmt":"2026-09-02T11:52:34","slug":"le-temps-de-laction-la-nouvelle-strategie-de-sfg-pour-2026-2030","status":"publish","type":"post","link":"https:\/\/sfgeneva.org\/fr\/le-temps-de-laction-la-nouvelle-strategie-de-sfg-pour-2026-2030\/","title":{"rendered":"Le temps de l\u2019action : la nouvelle strat\u00e9gie de SFG pour 2026\u20142030"},"content":{"rendered":"<p style=\"font-weight: 400;\">Depuis 2008, Sustainable Finance Geneva offre un espace de confiance aux professionnels de la finance durable pour apprendre, d\u00e9battre et cr\u00e9er des liens. Au fil des ann\u00e9es, nous avons vu le domaine \u00e9voluer, se transformer et progressivement s\u2019imposer dans les pratiques courantes. Dix-huit ans plus tard, nous continuons d\u2019adapter notre action aux besoins de notre communaut\u00e9 et aux enjeux du moment. C\u2019est dans cette perspective que nous avons consacr\u00e9 ces derniers mois \u00e0 repenser le r\u00f4le que nous souhaitons jouer d\u2019ici \u00e0 la fin de la d\u00e9cennie. Nous sommes aujourd\u2019hui fiers d\u2019en partager le r\u00e9sultat : notre strat\u00e9gie pour 2026-2030.<\/p>\n<p style=\"font-weight: 400;\">Nous passons d\u00e9sormais de la promotion de la finance durable \u00e0 sa concr\u00e9tisation, un projet et un partenariat \u00e0 la fois.<\/p>\n<h3 style=\"font-weight: 400;\"><strong>Pourquoi ce changement de cap ?<\/strong><\/h3>\n<p style=\"font-weight: 400;\">L\u2019int\u00e9r\u00eat pour la finance durable n\u2019a jamais suivi une trajectoire lin\u00e9aire. Il progresse ou recule au gr\u00e9 des conditions de march\u00e9 et du contexte politique. Nous traversons actuellement une phase plus difficile de ce cycle, mais il ne faut pas perdre de vue tout le chemin parcouru.<\/p>\n<p style=\"font-weight: 400;\">Lorsque SFG a \u00e9t\u00e9 fond\u00e9e en 2009, nous sortions de la crise financi\u00e8re. L\u2019investissement durable et responsable constituait encore un domaine de niche, peu d\u2019outils ou de donn\u00e9es existaient pour le soutenir et la r\u00e9glementation \u00e9tait presque inexistante. Notre mission initiale \u00e9tait donc claire : sensibiliser et d\u00e9velopper les connaissances dans un domaine encore largement m\u00e9connu.<\/p>\n<p style=\"font-weight: 400;\">Depuis, le paysage a consid\u00e9rablement \u00e9volu\u00e9. Les pratiques fondamentales de l\u2019investissement durable sont d\u00e9sormais largement r\u00e9pandues, les donn\u00e9es et les outils disponibles se sont multipli\u00e9s et la r\u00e9glementation s\u2019est consid\u00e9rablement d\u00e9velopp\u00e9e. Bien que le secteur soit aujourd\u2019hui confront\u00e9 \u00e0 certaines r\u00e9sistances d\u2019ordre politique, les chiffres parlent d\u2019eux-m\u00eames. Les actifs des fonds durables sont pass\u00e9s de moins de 1 000 milliards de dollars en 2019 \u00e0 3 500 milliards aujourd\u2019hui. Les \u00e9missions cumul\u00e9es d\u2019obligations vertes, sociales et durables repr\u00e9sentent d\u00e9sormais environ 7 000 milliards de dollars. Quant aux investissements en faveur de la transition, ils ont atteint un niveau record de 2 300 milliards de dollars en 2025, soit encore seulement environ un tiers des besoins estim\u00e9s, mais un record malgr\u00e9 tout.<\/p>\n<p style=\"font-weight: 400;\">Nous en tirons une conclusion claire : nous devons continuer \u00e0 construire des r\u00e9sultats concrets et durables, capables de se maintenir ind\u00e9pendamment d\u2019un contexte politique favorable. C\u2019est cette conviction qui constitue le fondement de notre nouvelle strat\u00e9gie. Celle-ci repose \u00e9galement sur deux principes essentiels : rendre notre impact tangible et mobiliser pleinement l\u2019\u00e9cosyst\u00e8me unique de Gen\u00e8ve.<\/p>\n<h3 style=\"font-weight: 400;\"><strong>Du concept \u00e0 un impact concret<\/strong><\/h3>\n<p style=\"font-weight: 400;\">Au cours des quatre prochaines ann\u00e9es, SFG concentrera ses efforts sur la mobilisation de capitaux priv\u00e9s en faveur de la transition \u00e0 Gen\u00e8ve et plus largement en Suisse romande. Ce travail est d\u00e9j\u00e0 engag\u00e9 \u00e0 travers \u201cImpact Pour Gen\u00e8ve\u201d, une initiative qui met en relation des investisseurs avec des projets locaux de transition offrant une v\u00e9ritable valeur financi\u00e8re, environnementale et sociale.<\/p>\n<p style=\"font-weight: 400;\">Nous souhaitons \u00e9galement faire de Gen\u00e8ve un centre d\u2019excellence en mati\u00e8re de financement mixte et de finance innovante. Cela implique de tirer parti de la profonde expertise en mati\u00e8re d\u2019impact pr\u00e9sente au sein de la Gen\u00e8ve internationale et de renforcer les relations avec les d\u00e9tenteurs d\u2019actifs de la r\u00e9gion, caisses de pension, family offices et fondations, afin d\u2019orienter les capitaux l\u00e0 o\u00f9 ils sont le plus n\u00e9cessaires.<\/p>\n<h3 style=\"font-weight: 400;\"><strong>Mobiliser l\u2019\u00e9cosyst\u00e8me genevois<\/strong><\/h3>\n<p style=\"font-weight: 400;\">Le deuxi\u00e8me axe de notre strat\u00e9gie est tout aussi volontaire : nous appuyer sur ce qui rend Gen\u00e8ve unique. Peu de villes r\u00e9unissent \u00e0 la fois une place financi\u00e8re sophistiqu\u00e9e et une telle concentration d\u2019institutions multilat\u00e9rales, d\u2019organisations humanitaires et d\u2019expertise diplomatique. Notre strat\u00e9gie engage SFG \u00e0 mettre ces comp\u00e9tences \u00e0 profit afin d\u2019\u00e9clairer notre mani\u00e8re d\u2019aborder les investissements dans des domaines \u00e9mergents tels que la paix et l\u2019intelligence artificielle.<\/p>\n<p style=\"font-weight: 400;\">Nous serons \u00e9galement davantage pr\u00e9sents au niveau local : en rejoignant et en soutenant des organisations et \u00e9v\u00e9nements bas\u00e9s \u00e0 Gen\u00e8ve, en renfor\u00e7ant nos relations avec les acteurs et autorit\u00e9s locales, et en important des mod\u00e8les ayant fait leurs preuves dans d\u2019autres juridictions afin de les tester et, lorsque cela est pertinent, de les reproduire ici. La position de Gen\u00e8ve en tant que p\u00f4le mondial de la finance durable n\u2019est pas acquise : d\u2019autres places financi\u00e8res investissent fortement pour occuper cette position. Cette strat\u00e9gie traduit donc notre volont\u00e9 de faire en sorte que Gen\u00e8ve puisse l\u00e9gitimement et durablement revendiquer ce r\u00f4le.<\/p>\n<h3 style=\"font-weight: 400;\"><strong>Une communaut\u00e9 avant tout<\/strong><\/h3>\n<p style=\"font-weight: 400;\">Rien de tout cela ne change ce que SFG a toujours \u00e9t\u00e9 au fond : une communaut\u00e9. Depuis 2009, celle-ci est pass\u00e9e d\u2019un peu plus de 100 membres \u00e0 plus de 400. Nous continuerons \u00e0 cr\u00e9er des espaces permettant \u00e0 nos membres de se rencontrer, d\u2019\u00e9changer et de confronter leurs id\u00e9es. Nous travaillons \u00e9galement \u00e0 int\u00e9grer des voix qui, jusqu\u2019\u00e0 pr\u00e9sent, ont \u00e9t\u00e9 peu pr\u00e9sentes dans les discussions sur la finance durable. Faire grandir et diversifier cette communaut\u00e9 constitue, \u00e0 bien des \u00e9gards, une condition essentielle \u00e0 la r\u00e9ussite de l\u2019ensemble de notre strat\u00e9gie.<\/p>\n<h3 style=\"font-weight: 400;\"><strong>Une invitation \u00e0 collaborer<\/strong><\/h3>\n<p style=\"font-weight: 400;\">Cette strat\u00e9gie n\u2019est pas un document destin\u00e9 \u00e0 rester sur une \u00e9tag\u00e8re. Elle d\u00e9finit une direction que nous souhaitons construire avec nos membres, nos partenaires et, plus largement, la communaut\u00e9 genevoise. Si vous avez des id\u00e9es ou souhaitez participer \u00e0 la suite de cette aventure, nous serions ravis d\u2019\u00e9changer avec vous.<\/p>\n<p style=\"font-weight: 400;\">Un syst\u00e8me financier durable ne se construira pas uniquement sur de bonnes intentions. Il se construira ici, au sein de notre communaut\u00e9, un projet \u00e0 la fois\u2026 et nous sommes pr\u00eats \u00e0 passer \u00e0 l\u2019action.<\/p>\n","protected":false},"excerpt":{"rendered":"<p>Depuis 2008, Sustainable Finance Geneva offre un espace de confiance aux professionnels de la finance durable pour apprendre, d\u00e9battre et cr\u00e9er des liens. Au fil des ann\u00e9es, nous avons vu le domaine \u00e9voluer, se transformer et progressivement s\u2019imposer dans les pratiques courantes. Dix-huit ans plus tard, nous continuons d\u2019adapter notre action aux besoins de notre [&hellip;]<\/p>\n","protected":false},"author":138,"featured_media":12842,"comment_status":"closed","ping_status":"closed","sticky":false,"template":"","format":"standard","meta":{"_vp_format_video_url":"","_vp_image_focal_point":[],"footnotes":""},"categories":[110,111],"tags":[],"table_tags":[],"class_list":["post-12838","post","type-post","status-publish","format-standard","has-post-thumbnail","hentry","category-news-fr","category-newsroom-fr"],"acf":[],"aioseo_notices":[],"_links":{"self":[{"href":"https:\/\/sfgeneva.org\/fr\/wp-json\/wp\/v2\/posts\/12838","targetHints":{"allow":["GET"]}}],"collection":[{"href":"https:\/\/sfgeneva.org\/fr\/wp-json\/wp\/v2\/posts"}],"about":[{"href":"https:\/\/sfgeneva.org\/fr\/wp-json\/wp\/v2\/types\/post"}],"author":[{"embeddable":true,"href":"https:\/\/sfgeneva.org\/fr\/wp-json\/wp\/v2\/users\/138"}],"replies":[{"embeddable":true,"href":"https:\/\/sfgeneva.org\/fr\/wp-json\/wp\/v2\/comments?post=12838"}],"version-history":[{"count":3,"href":"https:\/\/sfgeneva.org\/fr\/wp-json\/wp\/v2\/posts\/12838\/revisions"}],"predecessor-version":[{"id":12844,"href":"https:\/\/sfgeneva.org\/fr\/wp-json\/wp\/v2\/posts\/12838\/revisions\/12844"}],"wp:featuredmedia":[{"embeddable":true,"href":"https:\/\/sfgeneva.org\/fr\/wp-json\/wp\/v2\/media\/12842"}],"wp:attachment":[{"href":"https:\/\/sfgeneva.org\/fr\/wp-json\/wp\/v2\/media?parent=12838"}],"wp:term":[{"taxonomy":"category","embeddable":true,"href":"https:\/\/sfgeneva.org\/fr\/wp-json\/wp\/v2\/categories?post=12838"},{"taxonomy":"post_tag","embeddable":true,"href":"https:\/\/sfgeneva.org\/fr\/wp-json\/wp\/v2\/tags?post=12838"},{"taxonomy":"table_tags","embeddable":true,"href":"https:\/\/sfgeneva.org\/fr\/wp-json\/wp\/v2\/table_tags?post=12838"}],"curies":[{"name":"wp","href":"https:\/\/api.w.org\/{rel}","templated":true}]}}