{"id":8390,"date":"2023-04-05T13:26:17","date_gmt":"2023-04-05T11:26:17","guid":{"rendered":"https:\/\/sfgeneva.org\/?p=8390"},"modified":"2023-04-05T13:29:47","modified_gmt":"2023-04-05T11:29:47","slug":"ideas-for-breakfast-creer-des-marches-equitables-et-respectueux-de-la-nature-pour-la-planete-et-les-portefeuilles","status":"publish","type":"post","link":"https:\/\/sfgeneva.org\/fr\/ideas-for-breakfast-creer-des-marches-equitables-et-respectueux-de-la-nature-pour-la-planete-et-les-portefeuilles\/","title":{"rendered":"Ideas for Breakfast: Cr\u00e9er des march\u00e9s \u00e9quitables et respectueux de la nature pour la plan\u00e8te et les portefeuilles"},"content":{"rendered":"<p>Date : Jeudi 20 avril 2023<\/p>\n<p>Heure : 8h30-10h (caf\u00e9 servi de 8h30 \u00e0 9h, la pr\u00e9sentation commence \u00e0 9h pr\u00e9cises)<\/p>\n<p><a href=\"https:\/\/www.eventbrite.ch\/e\/ideas-for-breakfast-shaping-equitable-nature-positive-markets-for-planet-tickets-609331656387\">S&#8217;inscrire ici<\/a><\/p>\n<p>Alors que le monde continue de s&#8217;efforcer de trouver des solutions rapides et significatives pour lutter contre la triple crise de la perte de biodiversit\u00e9, du changement climatique et du d\u00e9veloppement non durable, le r\u00f4le des march\u00e9s de la nature fait l&#8217;objet d&#8217;une attention accrue au niveau mondial. Essayer de prot\u00e9ger la nature en lui attribuant un prix revient \u00e0 &#8220;combattre le feu par le feu&#8221;, mais beaucoup y voient une opportunit\u00e9 de d\u00e9velopper des activit\u00e9s commerciales, des march\u00e9s et des \u00e9conomies \u00e0 haute int\u00e9grit\u00e9. En canalisant les investissements vers des march\u00e9s favorables \u00e0 la nature, nous pouvons mieux prot\u00e9ger, investir et r\u00e9g\u00e9n\u00e9rer la nature.<\/p>\n<p>Participez \u00e0 une nouvelle session &#8220;Ideas for Breakfast&#8221; avec deux experts de NatureFinance pour d\u00e9couvrir les opportunit\u00e9s et les d\u00e9fis li\u00e9s \u00e0 l&#8217;exploitation des avantages potentiels des march\u00e9s de la nature. La Taskforce sur les march\u00e9s de la nature a \u00e9valu\u00e9 ces march\u00e9s \u00e0 pr\u00e8s de 10 000 milliards de dollars. La Taskforce a identifi\u00e9 la gouvernance comme l&#8217;ingr\u00e9dient sous-jacent qui d\u00e9terminera l&#8217;\u00e9chec ou le succ\u00e8s des march\u00e9s de la nature existants et \u00e9mergents &#8211; en termes d&#8217;\u00e9chelle, de prix et d&#8217;impact sur les personnes et les \u00e9cosyst\u00e8mes. L&#8217;un des th\u00e8mes abord\u00e9s sera les march\u00e9s \u00e9mergents du cr\u00e9dit \u00e0 la biodiversit\u00e9, qui suscitent un int\u00e9r\u00eat croissant au niveau international. Le second sujet couvrira les liens entre les march\u00e9s ill\u00e9gaux de la nature et les cha\u00eenes d&#8217;approvisionnement des investissements l\u00e9gaux &#8211; un domaine d&#8217;action critique \u00e9tant donn\u00e9 que les crimes contre la nature g\u00e9n\u00e8rent 281 milliards de dollars am\u00e9ricains par an.<\/p>\n<p>&nbsp;<\/p>\n<h3>\u00c0 propos des intervenants<\/h3>\n<p><strong>Doroth\u00e9e Herr<\/strong> est Senior Associate chez NatureFinance et dirige le travail sur les march\u00e9s de cr\u00e9dit pour la biodiversit\u00e9, contribuant au travail plus large sur la construction d&#8217;une meilleure gouvernance des march\u00e9s de la nature. Doroth\u00e9e \u00e9tait auparavant responsable des oc\u00e9ans et du changement climatique au sein de l&#8217;\u00e9quipe Oc\u00e9an de l&#8217;Union internationale pour la conservation de la nature (UICN), dirigeant la politique internationale de l&#8217;UICN et l&#8217;engagement financier priv\u00e9 sur les solutions bas\u00e9es sur la nature dans les zones c\u00f4ti\u00e8res et marines. Elle est l&#8217;auteur d&#8217;articles et de rapports sur l&#8217;acidification des oc\u00e9ans, le carbone bleu ainsi que sur les solutions fond\u00e9es sur la nature (NbS) dans le contexte de la CCNUCC, de la CDB et d&#8217;autres forums politiques internationaux. Dorothee a d\u00e9velopp\u00e9, avec une \u00e9quipe d&#8217;experts financiers, le Blue Natural Capital Financing Facility (BNCFF) et le Blue Carbon Accelerator Fund (BCAF) et a co-d\u00e9velopp\u00e9 le Subnational Climate Fund (SCF) et son Technical Assistance Facility, financ\u00e9s par le Green Climate Fund. Elle est titulaire d&#8217;une ma\u00eetrise en changement et gestion de l&#8217;environnement de l&#8217;Universit\u00e9 d&#8217;Oxford (Royaume-Uni) et d&#8217;un dipl\u00f4me en g\u00e9ographie de l&#8217;Universit\u00e9 de Heidelberg (Allemagne).<\/p>\n<p><strong>Mark Halle<\/strong> est conseiller principal chez NatureFinance. Mark a grandi \u00e0 Gen\u00e8ve, en Suisse, et a obtenu son premier dipl\u00f4me \u00e0 l&#8217;universit\u00e9 de Tufts, aux \u00c9tats-Unis, ainsi qu&#8217;un dipl\u00f4me d&#8217;\u00e9tudes sup\u00e9rieures en histoire \u00e0 l&#8217;universit\u00e9 de Cambridge. Apr\u00e8s deux ann\u00e9es pass\u00e9es au secr\u00e9tariat diplomatique de la Conf\u00e9rence sur la s\u00e9curit\u00e9 et la coop\u00e9ration en Europe (CSCE), il a consacr\u00e9 toute sa carri\u00e8re \u00e0 l&#8217;environnement et au d\u00e9veloppement durable, en commen\u00e7ant par travailler cinq ans \u00e0 la division de la planification des politiques du Programme des Nations unies pour l&#8217;environnement. Il a ensuite pass\u00e9 quatre ans \u00e0 la division de la conservation du WWF-International, o\u00f9 il \u00e9tait responsable de la mise en place des programmes en Chine et charg\u00e9 de la conservation aupr\u00e8s du pr\u00e9sident du WWF International, S.A.R. le prince Phillip, duc d&#8217;\u00c9dimbourg. Il a ensuite pass\u00e9 quatorze ans \u00e0 l&#8217;UICN, d&#8217;abord au Centre de conservation pour le d\u00e9veloppement (int\u00e9gr\u00e9 \u00e0 l&#8217;UICN en tant que division des op\u00e9rations sur le terrain), puis en tant que directeur du d\u00e9veloppement et, enfin, en tant que directeur de la politique et des partenariats. Il a quitt\u00e9 l&#8217;UICN pour cr\u00e9er l&#8217;Institut international du d\u00e9veloppement durable (Europe), qu&#8217;il a dirig\u00e9 jusqu&#8217;\u00e0 sa retraite en 2016 et o\u00f9 il est toujours Senior Fellow. Mark a \u00e9t\u00e9 conseiller principal de l&#8217;enqu\u00eate du PNUE sur la conception d&#8217;un syst\u00e8me financier durable pendant les quatre ann\u00e9es de son mandat, avec une responsabilit\u00e9 particuli\u00e8re pour les pays en d\u00e9veloppement. Il a particip\u00e9 \u00e0 la cr\u00e9ation du r\u00e9seau international des Centres financiers pour le d\u00e9veloppement durable (FC4S), dont il est conseiller principal. Il a dirig\u00e9 le d\u00e9veloppement du programme FC4S pour l&#8217;Afrique et le programme \u00e9mergent sur le financement de la biodiversit\u00e9. Il est \u00e9galement directeur de l&#8217;initiative Finance for Biodiversity (F4B), dans le cadre de laquelle il a contribu\u00e9 \u00e0 la cr\u00e9ation de NatureFinance \u00e0 Gen\u00e8ve. Il est cofondateur de Better Nature, un partenariat qui se concentre sur le d\u00e9veloppement narratif de la nature. Mark est pr\u00e9sident du conseil d&#8217;administration de TRAFFIC International, la principale organisation mondiale de lutte contre le commerce des esp\u00e8ces sauvages. Il si\u00e8ge au conseil d&#8217;administration de Sustainable Finance Geneva. Mark \u00e9crit et donne des conf\u00e9rences sur le th\u00e8me du d\u00e9veloppement durable. Il est l&#8217;un des fondateurs de l&#8217;\u00e9cosyst\u00e8me Gen\u00e8ve 2030, une plateforme de dialogue et de coop\u00e9ration sur le d\u00e9fi que repr\u00e9sente la mise en \u0153uvre des objectifs de d\u00e9veloppement durable.<\/p>\n","protected":false},"excerpt":{"rendered":"<p>Date : Jeudi 20 avril 2023 Heure : 8h30-10h (caf\u00e9 servi de 8h30 \u00e0 9h, la pr\u00e9sentation commence \u00e0 9h pr\u00e9cises) S&#8217;inscrire ici Alors que le monde continue de s&#8217;efforcer de trouver des solutions rapides et significatives pour lutter contre la triple crise de la perte de biodiversit\u00e9, du changement climatique et du d\u00e9veloppement non [&hellip;]<\/p>\n","protected":false},"author":138,"featured_media":8386,"comment_status":"closed","ping_status":"closed","sticky":false,"template":"","format":"standard","meta":{"_vp_format_video_url":"","_vp_image_focal_point":[],"footnotes":""},"categories":[119],"tags":[],"table_tags":[],"class_list":["post-8390","post","type-post","status-publish","format-standard","has-post-thumbnail","hentry","category-evenements"],"acf":[],"aioseo_notices":[],"_links":{"self":[{"href":"https:\/\/sfgeneva.org\/fr\/wp-json\/wp\/v2\/posts\/8390","targetHints":{"allow":["GET"]}}],"collection":[{"href":"https:\/\/sfgeneva.org\/fr\/wp-json\/wp\/v2\/posts"}],"about":[{"href":"https:\/\/sfgeneva.org\/fr\/wp-json\/wp\/v2\/types\/post"}],"author":[{"embeddable":true,"href":"https:\/\/sfgeneva.org\/fr\/wp-json\/wp\/v2\/users\/138"}],"replies":[{"embeddable":true,"href":"https:\/\/sfgeneva.org\/fr\/wp-json\/wp\/v2\/comments?post=8390"}],"version-history":[{"count":3,"href":"https:\/\/sfgeneva.org\/fr\/wp-json\/wp\/v2\/posts\/8390\/revisions"}],"predecessor-version":[{"id":8393,"href":"https:\/\/sfgeneva.org\/fr\/wp-json\/wp\/v2\/posts\/8390\/revisions\/8393"}],"wp:featuredmedia":[{"embeddable":true,"href":"https:\/\/sfgeneva.org\/fr\/wp-json\/wp\/v2\/media\/8386"}],"wp:attachment":[{"href":"https:\/\/sfgeneva.org\/fr\/wp-json\/wp\/v2\/media?parent=8390"}],"wp:term":[{"taxonomy":"category","embeddable":true,"href":"https:\/\/sfgeneva.org\/fr\/wp-json\/wp\/v2\/categories?post=8390"},{"taxonomy":"post_tag","embeddable":true,"href":"https:\/\/sfgeneva.org\/fr\/wp-json\/wp\/v2\/tags?post=8390"},{"taxonomy":"table_tags","embeddable":true,"href":"https:\/\/sfgeneva.org\/fr\/wp-json\/wp\/v2\/table_tags?post=8390"}],"curies":[{"name":"wp","href":"https:\/\/api.w.org\/{rel}","templated":true}]}}