{"id":8475,"date":"2023-05-09T10:36:01","date_gmt":"2023-05-09T08:36:01","guid":{"rendered":"https:\/\/sfgeneva.org\/?p=8475"},"modified":"2023-05-09T10:52:56","modified_gmt":"2023-05-09T08:52:56","slug":"8475","status":"publish","type":"post","link":"https:\/\/sfgeneva.org\/fr\/8475\/","title":{"rendered":""},"content":{"rendered":"<p>Sustainable Finance Geneva a \u00e9t\u00e9 cr\u00e9\u00e9e il y a 15 ans pour faire progresser la finance durable dans l&#8217;\u00e9cosyst\u00e8me genevois. Depuis, l&#8217;organisation s&#8217;est d\u00e9velopp\u00e9e et compte aujourd&#8217;hui pr\u00e8s de 400 membres individuels et 48 membres institutionnels. Rejoignez le conseil d&#8217;administration, les fondateurs et la communaut\u00e9 pour c\u00e9l\u00e9brer tout ce que nous avons accompli ensemble ! <a href=\"https:\/\/www.eventbrite.ch\/e\/billets-sfg-15-year-anniversary-party-633144059927\">RSVP<\/a><\/p>\n","protected":false},"excerpt":{"rendered":"<p>Sustainable Finance Geneva a \u00e9t\u00e9 cr\u00e9\u00e9e il y a 15 ans pour faire progresser la finance durable dans l&#8217;\u00e9cosyst\u00e8me genevois. Depuis, l&#8217;organisation s&#8217;est d\u00e9velopp\u00e9e et compte aujourd&#8217;hui pr\u00e8s de 400 membres individuels et 48 membres institutionnels. Rejoignez le conseil d&#8217;administration, les fondateurs et la communaut\u00e9 pour c\u00e9l\u00e9brer tout ce que nous avons accompli ensemble ! [&hellip;]<\/p>\n","protected":false},"author":138,"featured_media":8476,"comment_status":"closed","ping_status":"closed","sticky":false,"template":"","format":"standard","meta":{"_vp_format_video_url":"","_vp_image_focal_point":[],"footnotes":""},"categories":[119,112],"tags":[],"table_tags":[],"class_list":["post-8475","post","type-post","status-publish","format-standard","has-post-thumbnail","hentry","category-evenements","category-events-fr"],"acf":[],"aioseo_notices":[],"_links":{"self":[{"href":"https:\/\/sfgeneva.org\/fr\/wp-json\/wp\/v2\/posts\/8475","targetHints":{"allow":["GET"]}}],"collection":[{"href":"https:\/\/sfgeneva.org\/fr\/wp-json\/wp\/v2\/posts"}],"about":[{"href":"https:\/\/sfgeneva.org\/fr\/wp-json\/wp\/v2\/types\/post"}],"author":[{"embeddable":true,"href":"https:\/\/sfgeneva.org\/fr\/wp-json\/wp\/v2\/users\/138"}],"replies":[{"embeddable":true,"href":"https:\/\/sfgeneva.org\/fr\/wp-json\/wp\/v2\/comments?post=8475"}],"version-history":[{"count":1,"href":"https:\/\/sfgeneva.org\/fr\/wp-json\/wp\/v2\/posts\/8475\/revisions"}],"predecessor-version":[{"id":8478,"href":"https:\/\/sfgeneva.org\/fr\/wp-json\/wp\/v2\/posts\/8475\/revisions\/8478"}],"wp:featuredmedia":[{"embeddable":true,"href":"https:\/\/sfgeneva.org\/fr\/wp-json\/wp\/v2\/media\/8476"}],"wp:attachment":[{"href":"https:\/\/sfgeneva.org\/fr\/wp-json\/wp\/v2\/media?parent=8475"}],"wp:term":[{"taxonomy":"category","embeddable":true,"href":"https:\/\/sfgeneva.org\/fr\/wp-json\/wp\/v2\/categories?post=8475"},{"taxonomy":"post_tag","embeddable":true,"href":"https:\/\/sfgeneva.org\/fr\/wp-json\/wp\/v2\/tags?post=8475"},{"taxonomy":"table_tags","embeddable":true,"href":"https:\/\/sfgeneva.org\/fr\/wp-json\/wp\/v2\/table_tags?post=8475"}],"curies":[{"name":"wp","href":"https:\/\/api.w.org\/{rel}","templated":true}]}}