{"id":8503,"date":"2023-05-10T14:11:27","date_gmt":"2023-05-10T12:11:27","guid":{"rendered":"https:\/\/sfgeneva.org\/?p=8503"},"modified":"2023-05-10T15:10:31","modified_gmt":"2023-05-10T13:10:31","slug":"interview-du-mois-le-13e-congres-mondial-des-chambres-2","status":"publish","type":"post","link":"https:\/\/sfgeneva.org\/fr\/interview-du-mois-le-13e-congres-mondial-des-chambres-2\/","title":{"rendered":"Interview du mois : Le 13e Congr\u00e8s Mondial des Chambres"},"content":{"rendered":"<p>Ce mois-ci, nous avons interview\u00e9 Vincent Subilia, directeur g\u00e9n\u00e9ral de la Chambre de commerce, d&#8217;industrie et des services de Gen\u00e8ve (CCIG), \u00e0 propos du 13e Congr\u00e8s mondial des chambres de commerce qui se tiendra prochainement \u00e0 Gen\u00e8ve. Il s&#8217;agit de la plus grande plateforme mondiale permettant aux dirigeants et aux professionnels des chambres de commerce d&#8217;\u00e9changer des id\u00e9es, de travailler en r\u00e9seau, de s&#8217;informer sur l&#8217;innovation et de s&#8217;attaquer aux probl\u00e8mes commerciaux actuels qui affectent leurs communaut\u00e9s. Il nous explique sa pertinence et l&#8217;importance des questions de durabilit\u00e9 pour les entreprises \u00e0 Gen\u00e8ve et dans le monde.<\/p>\n<p><strong>Nous savons que le Congr\u00e8s mondial des chambres a lieu en juin \u00e0 Gen\u00e8ve. En quoi consiste exactement ce rassemblement et pourquoi est-il important ?<\/strong><\/p>\n<p>Forum historique organis\u00e9 tous les deux ans sur un continent diff\u00e9rent, le Congr\u00e8s mondial des chambres de commerce est le plus grand rassemblement de ce type (et l&#8217;\u00e9v\u00e9nement le plus important jamais organis\u00e9 par la CCIG depuis sa cr\u00e9ation en 1865) ; faisant de Gen\u00e8ve la capitale des chambres de commerce, il constitue un forum unique pour les chefs d&#8217;entreprise et les d\u00e9cideurs politiques.<\/p>\n<p><strong>Les th\u00e8mes du programme sont le commerce, l&#8217;innovation, le multilat\u00e9ralisme, la diversit\u00e9, la paix et la durabilit\u00e9. Tous ces th\u00e8mes sont fondamentaux pour la communaut\u00e9 genevoise et ce que nous apportons \u00e0 la table mondiale. Comment esp\u00e9rez-vous faire avancer ces th\u00e8mes avec le Congr\u00e8s ?<\/strong><\/p>\n<p>En tant que capitale de la gouvernance mondiale, Gen\u00e8ve est le berceau et le bastion du multilat\u00e9ralisme (un bien rare et donc pr\u00e9cieux dans le monde fragment\u00e9 d&#8217;aujourd&#8217;hui) ; nous pensons que notre ville offre le lieu id\u00e9al pour faire avancer ces th\u00e8mes les plus critiques d&#8217;une mani\u00e8re constructive et pragmatique. Au travers d&#8217;environ 40 sessions anim\u00e9es par 100 intervenants, les 1 500 d\u00e9cideurs attendus, originaires de plus de 120 pays, contribueront \u00e0 un plan d&#8217;action global en faveur de la paix et de la prosp\u00e9rit\u00e9.<\/p>\n<p><strong>En se concentrant sur le th\u00e8me de la durabilit\u00e9, les entreprises de Gen\u00e8ve et du monde entier consid\u00e8rent-elles l&#8217;adoption de la durabilit\u00e9 comme une opportunit\u00e9 ou une menace ? Pensez-vous qu&#8217;elle pourrait constituer un facteur de diff\u00e9renciation et un avantage concurrentiel pour les entreprises ?<\/strong><\/p>\n<p>En effet, nous percevons la durabilit\u00e9 comme une force motrice majeure et un catalyseur de croissance, que la communaut\u00e9 des affaires adopte \u00e0 un rythme d\u00e9sormais plus rapide. En pr\u00e9sentant les meilleures pratiques et en montrant l&#8217;exemple, les entreprises font partie int\u00e9grante de la solution \u00e0 ces d\u00e9fis syst\u00e9miques.<\/p>\n<p><strong>Nous avons \u00e9galement remarqu\u00e9 que vous avez organis\u00e9 un concours pour r\u00e9compenser le meilleur projet en mati\u00e8re d&#8217;\u00e9galit\u00e9 hommes-femmes. Quel r\u00f4le les entreprises et les chambres de commerce peuvent-elles jouer dans la promotion de l&#8217;\u00e9galit\u00e9 hommes-femmes ?<\/strong><\/p>\n<p>L&#8217;\u00e9galit\u00e9 entre les hommes et les femmes joue un r\u00f4le essentiel dans le programme de d\u00e9veloppement durable. En tant qu&#8217;ambassadrices \u00e9conomiques, les chambres de commerce doivent certainement ouvrir la voie \u00e0 un environnement de travail plus inclusif.<\/p>\n<p><strong>Comme vous le savez, les membres de SFG sont des institutions financi\u00e8res qui investissent des capitaux dans des entreprises de l&#8217;\u00e9conomie r\u00e9elle. Comment voyez-vous la relation entre ces deux types d&#8217;acteurs ? Comment peuvent-ils faire progresser ensemble le d\u00e9veloppement durable ?<\/strong><\/p>\n<p>Le financement est la cl\u00e9 de tout parcours entrepreneurial ; les deux parties travaillent main dans la main, tout comme les deux rives du lac L\u00e9man (c&#8217;est-\u00e0-dire la Gen\u00e8ve internationale et la Gen\u00e8ve des entreprises locales) devraient \u00eatre reli\u00e9es. Les chambres de commerce offrent pr\u00e9cis\u00e9ment ce carrefour, et le congr\u00e8s fournira pr\u00e9cis\u00e9ment un march\u00e9 exceptionnel pour que ces parties prenantes interagissent activement.<\/p>\n","protected":false},"excerpt":{"rendered":"<p>Ce mois-ci, nous avons interview\u00e9 Vincent Subilia, directeur g\u00e9n\u00e9ral de la Chambre de commerce, d&#8217;industrie et des services de Gen\u00e8ve (CCIG), \u00e0 propos du 13e Congr\u00e8s mondial des chambres de commerce qui se tiendra prochainement \u00e0 Gen\u00e8ve. Il s&#8217;agit de la plus grande plateforme mondiale permettant aux dirigeants et aux professionnels des chambres de commerce [&hellip;]<\/p>\n","protected":false},"author":138,"featured_media":8487,"comment_status":"closed","ping_status":"closed","sticky":false,"template":"","format":"standard","meta":{"_vp_format_video_url":"","_vp_image_focal_point":[],"footnotes":""},"categories":[111],"tags":[],"table_tags":[],"class_list":["post-8503","post","type-post","status-publish","format-standard","has-post-thumbnail","hentry","category-newsroom-fr"],"acf":[],"aioseo_notices":[],"_links":{"self":[{"href":"https:\/\/sfgeneva.org\/fr\/wp-json\/wp\/v2\/posts\/8503","targetHints":{"allow":["GET"]}}],"collection":[{"href":"https:\/\/sfgeneva.org\/fr\/wp-json\/wp\/v2\/posts"}],"about":[{"href":"https:\/\/sfgeneva.org\/fr\/wp-json\/wp\/v2\/types\/post"}],"author":[{"embeddable":true,"href":"https:\/\/sfgeneva.org\/fr\/wp-json\/wp\/v2\/users\/138"}],"replies":[{"embeddable":true,"href":"https:\/\/sfgeneva.org\/fr\/wp-json\/wp\/v2\/comments?post=8503"}],"version-history":[{"count":1,"href":"https:\/\/sfgeneva.org\/fr\/wp-json\/wp\/v2\/posts\/8503\/revisions"}],"predecessor-version":[{"id":8504,"href":"https:\/\/sfgeneva.org\/fr\/wp-json\/wp\/v2\/posts\/8503\/revisions\/8504"}],"wp:featuredmedia":[{"embeddable":true,"href":"https:\/\/sfgeneva.org\/fr\/wp-json\/wp\/v2\/media\/8487"}],"wp:attachment":[{"href":"https:\/\/sfgeneva.org\/fr\/wp-json\/wp\/v2\/media?parent=8503"}],"wp:term":[{"taxonomy":"category","embeddable":true,"href":"https:\/\/sfgeneva.org\/fr\/wp-json\/wp\/v2\/categories?post=8503"},{"taxonomy":"post_tag","embeddable":true,"href":"https:\/\/sfgeneva.org\/fr\/wp-json\/wp\/v2\/tags?post=8503"},{"taxonomy":"table_tags","embeddable":true,"href":"https:\/\/sfgeneva.org\/fr\/wp-json\/wp\/v2\/table_tags?post=8503"}],"curies":[{"name":"wp","href":"https:\/\/api.w.org\/{rel}","templated":true}]}}