{"id":9236,"date":"2023-09-05T16:47:26","date_gmt":"2023-09-05T14:47:26","guid":{"rendered":"https:\/\/sfgeneva.org\/?p=9236"},"modified":"2023-09-05T16:50:43","modified_gmt":"2023-09-05T14:50:43","slug":"alexandre-de-senarclens","status":"publish","type":"post","link":"https:\/\/sfgeneva.org\/fr\/alexandre-de-senarclens\/","title":{"rendered":"Interview du Mois : Alexandre de Senarclens"},"content":{"rendered":"<p style=\"font-weight: 400;\">Publi\u00e9 sous forme de contribution personnelle cor\u00e9dig\u00e9e avec Hristina Stoyanova, Alexandre de Senarclens, revient pour SFG sur l\u2019article r\u00e9dig\u00e9 en juin dernier pour le journal Le Temps. Il propose une modification de l&#8217;OPP2 visant \u00e0 permettre aux caisses de pensions d\u2019investir plus largement dans des placements ayant un impact ESG. Au cours de cet entretien, nous explorons ces questions ainsi que la dynamique plus large entre le monde politique et financier.<\/p>\n<p>&nbsp;<\/p>\n<p style=\"font-weight: 400;\"><strong>Actuellement de nombreuses caisses de pensions en Suisse ne tiennent pas encore compte des crit\u00e8res ESG dans leurs investissements, comment peut-on les encourager \u00e0 avoir une r\u00e9flexion plus robuste sur les enjeux sociaux et environnementaux ?<\/strong><\/p>\n<p>&nbsp;<\/p>\n<p style=\"font-weight: 400;\">Dans l&#8217;article, nous proposons de donner plus de libert\u00e9 \u00e0 la caisse de pension en assouplissant les limites par placement fix\u00e9es dans l\u2019OPP2 de 20% de la valeur de la limite concern\u00e9e pour autant que la part exc\u00e9dentaire soit constitu\u00e9e exclusivement de placements ESG. Concr\u00e8tement, cela signifie que, par exemple, la limite de 50% des placements en actions pourrait \u00eatre port\u00e9e \u00e0 60% (20% x 50%) \u00e0 condition que la part exc\u00e9dentaire de ces placements r\u00e9ponde \u00e0 des crit\u00e8res ESG.<\/p>\n<p style=\"font-weight: 400;\">Pour toutes les caisses qui ne tiennent pas encore compte de ces crit\u00e8res, une telle r\u00e9forme va \u00e0 n\u2019en pas douter g\u00e9n\u00e9rer une r\u00e9flexion sur ce th\u00e8me. Pour celles qui envisagent d\u2019utiliser la latitude nouvelle offerte par cette r\u00e9forme, la strat\u00e9gie sur la durabilit\u00e9 se posera \u00e0 nouveau. Ainsi, cette modification aura un impact en poussant les caisses de pension \u00e0 saisir les opportunit\u00e9s offertes par une plus grande libert\u00e9 d&#8217;actions.<\/p>\n<p style=\"font-weight: 400;\">En somme, ceci sera de nature \u00e0 g\u00e9n\u00e9rer un changement culturel et une meilleure compr\u00e9hension au sein de l&#8217;industrie. C\u2019est aussi \u00e0 mon sens une demande des assur\u00e9s qui souhaitent donner du sens \u00e0 leurs investissements.<\/p>\n<p style=\"font-weight: 400;\">A noter que cette proposition est un premier pas qui pourrait \u00eatre compl\u00e9t\u00e9 par des objectifs d\u2019investissement d\u2019impact lorsque les crit\u00e8res et les normes appropri\u00e9s auront \u00e9t\u00e9 d\u00e9finis et accept\u00e9s par la Suisse.<\/p>\n<p>&nbsp;<\/p>\n<p><strong>Face \u00e0 la maturit\u00e9 du secteur financier concernant les enjeux majeurs tels que le changement climatique, la pr\u00e9servation de la nature ou l&#8217;\u00e9galit\u00e9 sociale, le discours politique semble en retard. Comment interpr\u00e9tez-vous cet \u00e9cart? Devrait-on laisser aux financiers seuls la responsabilit\u00e9 de la r\u00e9gulation, ou est-il n\u00e9cessaire que les politiciens assument leur part de responsabilit\u00e9 \u00e0 un certain point?<\/strong><\/p>\n<p>&nbsp;<\/p>\n<p style=\"font-weight: 400;\">Je crois que les responsables politiques doivent jouer un r\u00f4le proactif dans cette \u00e9volution et c\u2019est ce que nous faisons avec notre proposition. Cependant, l&#8217;industrie financi\u00e8re a besoin de r\u00e8gles flexibles. Nous devons \u00e9viter des contraintes excessives qui sont bien souvent d\u00e9connect\u00e9es des r\u00e9alit\u00e9s du march\u00e9. La Suisse a l\u2019habitude aussi de faire confiance \u00e0 l\u2019industrie privil\u00e9giant le \u00ab\u00a0soft law\u00a0\u00bb, tel que pourrait le produire le D\u00e9partement f\u00e9d\u00e9ral des Finances ou la FIMNA. Aussi, ces r\u00e8gles ne doivent pas d\u00e9responsabiliser les gestionnaires de ces caisses.<\/p>\n<p style=\"font-weight: 400;\">En Suisse, en tant que place financi\u00e8re majeure, nous avons \u00e9t\u00e9 pr\u00e9curseurs. Il existe maintenant des acteurs reconnus avec des comp\u00e9tences et un historique solide. L&#8217;objectif est d&#8217;acc\u00e9l\u00e9rer ce processus. Plus largement, le r\u00f4le du politique et de l\u2019industrie sera crucial pour r\u00e9soudre la probl\u00e9matique de d\u00e9finition, en adoptant des d\u00e9finitions non uniquement suisses, mais au moins europ\u00e9ennes. Nous devons maintenant avancer rapidement sur cette mise en \u0153uvre.<\/p>\n<p>&nbsp;<\/p>\n","protected":false},"excerpt":{"rendered":"<p>Publi\u00e9 sous forme de contribution personnelle cor\u00e9dig\u00e9e avec Hristina Stoyanova, Alexandre de Senarclens, revient pour SFG sur l\u2019article r\u00e9dig\u00e9 en juin dernier pour le journal Le Temps. Il propose une modification de l&#8217;OPP2 visant \u00e0 permettre aux caisses de pensions d\u2019investir plus largement dans des placements ayant un impact ESG. Au cours de cet entretien, [&hellip;]<\/p>\n","protected":false},"author":138,"featured_media":9254,"comment_status":"closed","ping_status":"closed","sticky":false,"template":"","format":"standard","meta":{"_vp_format_video_url":"","_vp_image_focal_point":[],"footnotes":""},"categories":[111],"tags":[],"table_tags":[],"class_list":["post-9236","post","type-post","status-publish","format-standard","has-post-thumbnail","hentry","category-newsroom-fr"],"acf":[],"aioseo_notices":[],"_links":{"self":[{"href":"https:\/\/sfgeneva.org\/fr\/wp-json\/wp\/v2\/posts\/9236","targetHints":{"allow":["GET"]}}],"collection":[{"href":"https:\/\/sfgeneva.org\/fr\/wp-json\/wp\/v2\/posts"}],"about":[{"href":"https:\/\/sfgeneva.org\/fr\/wp-json\/wp\/v2\/types\/post"}],"author":[{"embeddable":true,"href":"https:\/\/sfgeneva.org\/fr\/wp-json\/wp\/v2\/users\/138"}],"replies":[{"embeddable":true,"href":"https:\/\/sfgeneva.org\/fr\/wp-json\/wp\/v2\/comments?post=9236"}],"version-history":[{"count":5,"href":"https:\/\/sfgeneva.org\/fr\/wp-json\/wp\/v2\/posts\/9236\/revisions"}],"predecessor-version":[{"id":9264,"href":"https:\/\/sfgeneva.org\/fr\/wp-json\/wp\/v2\/posts\/9236\/revisions\/9264"}],"wp:featuredmedia":[{"embeddable":true,"href":"https:\/\/sfgeneva.org\/fr\/wp-json\/wp\/v2\/media\/9254"}],"wp:attachment":[{"href":"https:\/\/sfgeneva.org\/fr\/wp-json\/wp\/v2\/media?parent=9236"}],"wp:term":[{"taxonomy":"category","embeddable":true,"href":"https:\/\/sfgeneva.org\/fr\/wp-json\/wp\/v2\/categories?post=9236"},{"taxonomy":"post_tag","embeddable":true,"href":"https:\/\/sfgeneva.org\/fr\/wp-json\/wp\/v2\/tags?post=9236"},{"taxonomy":"table_tags","embeddable":true,"href":"https:\/\/sfgeneva.org\/fr\/wp-json\/wp\/v2\/table_tags?post=9236"}],"curies":[{"name":"wp","href":"https:\/\/api.w.org\/{rel}","templated":true}]}}